{"id":10055,"date":"2025-05-26T08:39:57","date_gmt":"2025-05-26T08:39:57","guid":{"rendered":"https:\/\/www.alliance-francaise.nl\/breda\/?p=10055"},"modified":"2025-05-27T14:04:39","modified_gmt":"2025-05-27T14:04:39","slug":"chez-bricktop-zaterdag-31-mei-chasse-theater","status":"publish","type":"post","link":"https:\/\/www.alliance-francaise.nl\/breda\/2025\/05\/26\/chez-bricktop-zaterdag-31-mei-chasse-theater\/","title":{"rendered":"Chez Bricktop &#8211; zaterdag 31 mei Chass\u00e9 Theater)"},"content":{"rendered":"\n<p>Tijdens Breda Jazz Festival legt Chass\u00e9 de loper uit voor <strong>Claron McFadden<\/strong>, \u00e9\u00e9n van de meest gelauwerde zangeressen van haar generatie. McFadden trad op in de meest prestigieuze concertzalen en operahuizen ter wereld, werkte met toonaangevende dirigenten en was regelmatig te gast bij internationale festivals zoals in   Aix-en-Provence, Glyndebourne, Tanglewood, Bregenz en Salzburg. <\/p>\n\n\n\n<figure class=\"wp-block-image size-full is-resized\"><img fetchpriority=\"high\" decoding=\"async\" width=\"1000\" height=\"1001\" src=\"https:\/\/www.alliance-francaise.nl\/breda\/wp-content\/uploads\/sites\/15\/2025\/05\/Claron-S-medres_Claron-Mc-Fadden_31-05-2025.jpeg\" alt=\"\" class=\"wp-image-10058\" style=\"width:213px;height:auto\" srcset=\"https:\/\/www.alliance-francaise.nl\/breda\/wp-content\/uploads\/sites\/15\/2025\/05\/Claron-S-medres_Claron-Mc-Fadden_31-05-2025.jpeg 1000w, https:\/\/www.alliance-francaise.nl\/breda\/wp-content\/uploads\/sites\/15\/2025\/05\/Claron-S-medres_Claron-Mc-Fadden_31-05-2025-300x300.jpeg 300w, https:\/\/www.alliance-francaise.nl\/breda\/wp-content\/uploads\/sites\/15\/2025\/05\/Claron-S-medres_Claron-Mc-Fadden_31-05-2025-150x150.jpeg 150w, https:\/\/www.alliance-francaise.nl\/breda\/wp-content\/uploads\/sites\/15\/2025\/05\/Claron-S-medres_Claron-Mc-Fadden_31-05-2025-768x769.jpeg 768w, https:\/\/www.alliance-francaise.nl\/breda\/wp-content\/uploads\/sites\/15\/2025\/05\/Claron-S-medres_Claron-Mc-Fadden_31-05-2025-600x601.jpeg 600w, https:\/\/www.alliance-francaise.nl\/breda\/wp-content\/uploads\/sites\/15\/2025\/05\/Claron-S-medres_Claron-Mc-Fadden_31-05-2025-100x100.jpeg 100w\" sizes=\"(max-width: 1000px) 100vw, 1000px\" \/><\/figure>\n\n\n\n<p>Claron Mc Fadden <\/p>\n\n\n\n<figure class=\"wp-block-image size-full is-resized\"><img decoding=\"async\" width=\"541\" height=\"626\" src=\"https:\/\/www.alliance-francaise.nl\/breda\/wp-content\/uploads\/sites\/15\/2025\/05\/Ada_Bricktop_Smith_1934_cropped-2.jpg\" alt=\"\" class=\"wp-image-10059\" style=\"width:211px;height:auto\" srcset=\"https:\/\/www.alliance-francaise.nl\/breda\/wp-content\/uploads\/sites\/15\/2025\/05\/Ada_Bricktop_Smith_1934_cropped-2.jpg 541w, https:\/\/www.alliance-francaise.nl\/breda\/wp-content\/uploads\/sites\/15\/2025\/05\/Ada_Bricktop_Smith_1934_cropped-2-259x300.jpg 259w\" sizes=\"(max-width: 541px) 100vw, 541px\" \/><\/figure>\n\n\n\n<p>Ada Bricktop Smith<\/p>\n\n\n\n<p>Met Muziektheater Transparant en pianiste <strong>Claire Chevallier <\/strong>brengt McFadden nu een meeslepend eerbetoon aan Ada Smith en haar roemruchte club Chez Bricktop. Verwacht een avond Amerikaanse jazz en Franse muziek uit de Parijse Roaring Twenties!<br><br>Meer info over deze voorstelling kun je vinden op de webstite van Chass\u00e9:<a href=\"https:\/\/www.chasse.nl\/nl\/programma\/9626\/claron-mcfadden-claire-chevallier-muziektheater-transparant-fanny-alexander\/chez-bricktop\" target=\"_blank\" rel=\"noopener\" title=\"\"> <strong>Chez Bricktop <\/strong><\/a><\/p>\n\n\n\n<p><\/p>\n","protected":false},"excerpt":{"rendered":"<p>Tijdens Breda Jazz Festival legt Chass\u00e9 de loper uit voor Claron McFadden, \u00e9\u00e9n van de meest gelauwerde zangeressen van haar generatie. McFadden trad op in de meest prestigieuze concertzalen en [&hellip;]<\/p>\n","protected":false},"author":19,"featured_media":10058,"comment_status":"open","ping_status":"open","sticky":false,"template":"","format":"standard","meta":{"_monsterinsights_skip_tracking":false,"_monsterinsights_sitenote_active":false,"_monsterinsights_sitenote_note":"","_monsterinsights_sitenote_category":0,"footnotes":""},"categories":[1],"class_list":["post-10055","post","type-post","status-publish","format-standard","has-post-thumbnail","hentry","category-geen-categorie"],"_links":{"self":[{"href":"https:\/\/www.alliance-francaise.nl\/breda\/wp-json\/wp\/v2\/posts\/10055","targetHints":{"allow":["GET"]}}],"collection":[{"href":"https:\/\/www.alliance-francaise.nl\/breda\/wp-json\/wp\/v2\/posts"}],"about":[{"href":"https:\/\/www.alliance-francaise.nl\/breda\/wp-json\/wp\/v2\/types\/post"}],"author":[{"embeddable":true,"href":"https:\/\/www.alliance-francaise.nl\/breda\/wp-json\/wp\/v2\/users\/19"}],"replies":[{"embeddable":true,"href":"https:\/\/www.alliance-francaise.nl\/breda\/wp-json\/wp\/v2\/comments?post=10055"}],"version-history":[{"count":1,"href":"https:\/\/www.alliance-francaise.nl\/breda\/wp-json\/wp\/v2\/posts\/10055\/revisions"}],"predecessor-version":[{"id":10060,"href":"https:\/\/www.alliance-francaise.nl\/breda\/wp-json\/wp\/v2\/posts\/10055\/revisions\/10060"}],"wp:featuredmedia":[{"embeddable":true,"href":"https:\/\/www.alliance-francaise.nl\/breda\/wp-json\/wp\/v2\/media\/10058"}],"wp:attachment":[{"href":"https:\/\/www.alliance-francaise.nl\/breda\/wp-json\/wp\/v2\/media?parent=10055"}],"wp:term":[{"taxonomy":"category","embeddable":true,"href":"https:\/\/www.alliance-francaise.nl\/breda\/wp-json\/wp\/v2\/categories?post=10055"}],"curies":[{"name":"wp","href":"https:\/\/api.w.org\/{rel}","templated":true}]}}